{"id":210,"date":"2019-10-07T10:30:17","date_gmt":"2019-10-07T08:30:17","guid":{"rendered":"https:\/\/emplois.francedefi.fr\/conseils\/?p=210"},"modified":"2019-10-07T18:01:16","modified_gmt":"2019-10-07T16:01:16","slug":"oser-sortir-du-cadre","status":"publish","type":"post","link":"https:\/\/emplois.francedefi.fr\/conseils\/management\/oser-sortir-du-cadre\/","title":{"rendered":"Oser sortir du cadre"},"content":{"rendered":"<p class=\"oct_content_chapeau\">M\u00eame si ce n\u2019est pas \u00e9vident &#8211; ni toujours habituel &#8211; il faut oser r\u00e9fl\u00e9chir autrement, \u00e9mettre des id\u00e9es et casser certains codes pour permettre \u00e0 l\u2019entreprise d\u2019innover. En bref, sortir du cadre.<\/p>\n<p>Parmi le \u00ab <a href=\"http:\/\/www3.weforum.org\/docs\/WEFUSA_NewVisionforEducation_Report2015.pdf\" target=\"_blank\" rel=\"noopener noreferrer\">Top 10 des qualit\u00e9s manag\u00e9riales en 2020<\/a> \u00bb \u00e9tabli par le Forum de Davos figurait la cr\u00e9ativit\u00e9. Cette capacit\u00e9 appara\u00eet pr\u00e9cis\u00e9ment en troisi\u00e8me position des comp\u00e9tences qui seront les plus demand\u00e9es d&rsquo;ici 2020 et apr\u00e8s. Et accessoirement, sont \u00e9galement pl\u00e9biscit\u00e9s la capacit\u00e9 \u00e0 r\u00e9soudre des probl\u00e8mes complexes et un certain esprit critique.<\/p>\n<p class=\"h2\">Sortir du cadre pour inventer<\/p>\n<p>Mais de quoi parle-t-on exactement ? Juste de la capacit\u00e9 de chacun \u00e0 oser \u00ab sortir du cadre \u00bb, ni plus ni moins. \u00ab <em>La cr\u00e9ativit\u00e9 au quotidien rel\u00e8ve \u00e0 la fois d&rsquo;un \u00e9tat d&rsquo;esprit individuel, d&rsquo;attitudes partag\u00e9es et d&rsquo;une m\u00e9thode de travail que l&rsquo;on peut proposer dans de multiples occasions<\/em>, \u00e9crit Martine Compagnon, auteure du guide <em>Boostez la cr\u00e9ativit\u00e9 de votre \u00e9quipe<\/em>\u00a0 (ed. Eyrolles). <em>Ses b\u00e9n\u00e9fices indirects importants ? \u00c9coute d\u00e9velopp\u00e9e, effet des probl\u00e8mes r\u00e9duit, st\u00e9r\u00e9otypes bouscul\u00e9s<\/em>\u2026 \u00bb<\/p>\n<p>Laisser fleurir son imagination et sa mati\u00e8re grise, se laisser aller, casser les \u00ab\u00a0r\u00e8gles\u00a0\u00bb et surtout les habitudes pr\u00e9\u00e9tablies : on imagine rarement tout ce que l\u2019on peut faire pour son entreprise en osant \u00eatre inventifs. Et pourtant !<\/p>\n<p><iframe loading=\"lazy\" title=\"FRANCE D\u00c9FI - S\u00e9rie Osons Changer - Episode &quot; Sortir du cadre &quot;\" width=\"500\" height=\"281\" src=\"https:\/\/www.youtube.com\/embed\/-kzf8I1bi5Y?feature=oembed\" frameborder=\"0\" allow=\"accelerometer; autoplay; clipboard-write; encrypted-media; gyroscope; picture-in-picture; web-share\" referrerpolicy=\"strict-origin-when-cross-origin\" allowfullscreen><\/iframe><\/p>\n<p>Dans un environnement en perp\u00e9tuelle \u00e9volution, jamais la cr\u00e9ativit\u00e9 n\u2019aura \u00e9t\u00e9 autant encourag\u00e9e pour r\u00e9inventer les sch\u00e9mas existants dans l\u2019entreprise. Mais encore faut-il savoir la d\u00e9velopper. Pour freiner la r\u00e9sistance naturelle de son cerveau et sortir du cadre, il est d\u00e9j\u00e0 recommand\u00e9, par exemple, de\u2026 changer de cadre. Rester enferm\u00e9 dans son bureau ne stimule gu\u00e8re l\u2019imaginaire. Pour trouver de meilleures inspirations, on peut commencer par bousculer son univers et ses habitudes de travail.<\/p>\n<p class=\"h2\">S&rsquo;appuyer sur le management pour lib\u00e9rer les id\u00e9es<\/p>\n<p>Cette audace, d\u00e9crite par certains experts comme de l\u2019\u00a0\u00ab\u00a0impertinence constructive\u00a0\u00bb fait aujourd\u2019hui partie des \u00ab\u00a0soft skills\u00a0\u00bb, c\u2019est-\u00e0-dire des \u00ab\u00a0qualit\u00e9s humaines\u00a0\u00bb valoris\u00e9es en entreprise. \u00ab\u00a0<em>L\u2019impertinence constructive, c\u2019est l\u2019id\u00e9e, pour un salari\u00e9, de se dire qu\u2019il a le droit et surtout int\u00e9r\u00eat, pour lui et souvent pour son organisation, d\u2019oser donner un avis et de sortir du cadre \u00e9tabli\u00a0<\/em>\u00bb, explique Agn\u00e8s Muir-Poulle, fondatrice du cabinet Mara\u00e9 et auteure d\u2019un <em>Petit trait\u00e9 d\u2019impertinence constructive<\/em> (PUG \u00e9ditions).<\/p>\n<p>Cependant, nous sortons rarement du cadre seul. Il faudra aussi revoir ses techniques de management pour lib\u00e9rer la parole et les id\u00e9es. Chacun pourra ainsi s\u2019inspirer des \u00ab\u00a0<a href=\"https:\/\/www.experts-et-decideurs.fr\/ressources-humaines\/management\/lancer-un-world-cafe\/\" target=\"_blank\" rel=\"noopener noreferrer\">world caf\u00e9s\u00a0<\/a>\u00bb (qui reposent sur une forme in\u00e9dite de d\u00e9mocratie participative) ou de<a href=\"https:\/\/www.experts-et-decideurs.fr\/ressources-humaines\/management\/holacratie-entreprise-liberee\/\" target=\"_blank\" rel=\"noopener noreferrer\"> l\u2019\u00a0\u00ab\u00a0holacratie\u00a0\u00bb<\/a> (qui entend favoriser la responsabilit\u00e9 et l\u2019autonomie des collaborateurs). Changeons de logiciel et croyons en <a href=\"https:\/\/emplois.francedefi.fr\/conseils\/management\/developper-esprit-equipe-entreprise\/\" target=\"_blank\" rel=\"noopener noreferrer\">\u00ab\u00a0l\u2019intelligence \u00ab\u00a0collective\u00a0\u00bb<\/a> !<\/p>\n","protected":false},"excerpt":{"rendered":"<p>M\u00eame si ce n\u2019est pas \u00e9vident &#8211; ni toujours habituel &#8211; il faut oser r\u00e9fl\u00e9chir autrement, \u00e9mettre des id\u00e9es et casser certains codes pour permettre \u00e0 l\u2019entreprise d\u2019innover. <\/p>\n","protected":false},"author":4,"featured_media":214,"comment_status":"open","ping_status":"open","sticky":false,"template":"","format":"standard","meta":{"footnotes":""},"categories":[35],"tags":[],"class_list":["post-210","post","type-post","status-publish","format-standard","has-post-thumbnail","hentry","category-management"],"yoast_head":"<!-- This site is optimized with the Yoast SEO plugin v27.5 - https:\/\/yoast.com\/product\/yoast-seo-wordpress\/ -->\n<title>Oser sortir du cadre pour permettre \u00e0 l&#039;entreprise d&#039;innnover<\/title>\n<meta name=\"description\" content=\"M\u00eame si ce n\u2019est pas \u00e9vident, en entreprise il faut oser r\u00e9fl\u00e9chir autrement, \u00e9mettre des id\u00e9es et casser certains codes. En bref, sortir du cadre.\" \/>\n<meta name=\"robots\" content=\"index, follow, max-snippet:-1, max-image-preview:large, max-video-preview:-1\" \/>\n<link rel=\"canonical\" href=\"https:\/\/emplois.francedefi.fr\/conseils\/management\/oser-sortir-du-cadre\/\" \/>\n<meta property=\"og:locale\" content=\"fr_FR\" \/>\n<meta property=\"og:type\" content=\"article\" \/>\n<meta property=\"og:title\" content=\"Oser sortir du cadre pour permettre \u00e0 l&#039;entreprise d&#039;innnover\" \/>\n<meta property=\"og:description\" content=\"M\u00eame si ce n\u2019est pas \u00e9vident, en entreprise il faut oser r\u00e9fl\u00e9chir autrement, \u00e9mettre des id\u00e9es et casser certains codes. En bref, sortir du cadre.\" \/>\n<meta property=\"og:url\" content=\"https:\/\/emplois.francedefi.fr\/conseils\/management\/oser-sortir-du-cadre\/\" \/>\n<meta property=\"og:site_name\" content=\"France D\u00e9fi Emplois\" \/>\n<meta property=\"article:published_time\" content=\"2019-10-07T08:30:17+00:00\" \/>\n<meta property=\"article:modified_time\" content=\"2019-10-07T16:01:16+00:00\" \/>\n<meta property=\"og:image\" content=\"https:\/\/emplois.francedefi.fr\/conseils\/wp-content\/uploads\/2019\/10\/sortir-du-cadre.jpg\" \/>\n\t<meta property=\"og:image:width\" content=\"1100\" \/>\n\t<meta property=\"og:image:height\" content=\"450\" \/>\n\t<meta property=\"og:image:type\" content=\"image\/jpeg\" \/>\n<meta name=\"author\" content=\"Accroche Com\" \/>\n<meta name=\"twitter:card\" content=\"summary_large_image\" \/>\n<meta name=\"twitter:label1\" content=\"\u00c9crit par\" \/>\n\t<meta name=\"twitter:data1\" content=\"Accroche Com\" \/>\n\t<meta name=\"twitter:label2\" content=\"Dur\u00e9e de lecture estim\u00e9e\" \/>\n\t<meta name=\"twitter:data2\" content=\"2 minutes\" \/>\n<script type=\"application\/ld+json\" class=\"yoast-schema-graph\">{\"@context\":\"https:\\\/\\\/schema.org\",\"@graph\":[{\"@type\":\"Article\",\"@id\":\"https:\\\/\\\/emplois.francedefi.fr\\\/conseils\\\/management\\\/oser-sortir-du-cadre\\\/#article\",\"isPartOf\":{\"@id\":\"https:\\\/\\\/emplois.francedefi.fr\\\/conseils\\\/management\\\/oser-sortir-du-cadre\\\/\"},\"author\":{\"name\":\"Accroche Com\",\"@id\":\"https:\\\/\\\/emplois.francedefi.fr\\\/conseils\\\/#\\\/schema\\\/person\\\/8bbd18c08f4dad72ba4515d2a2d10213\"},\"headline\":\"Oser sortir du cadre\",\"datePublished\":\"2019-10-07T08:30:17+00:00\",\"dateModified\":\"2019-10-07T16:01:16+00:00\",\"mainEntityOfPage\":{\"@id\":\"https:\\\/\\\/emplois.francedefi.fr\\\/conseils\\\/management\\\/oser-sortir-du-cadre\\\/\"},\"wordCount\":500,\"commentCount\":0,\"publisher\":{\"@id\":\"https:\\\/\\\/emplois.francedefi.fr\\\/conseils\\\/#organization\"},\"image\":{\"@id\":\"https:\\\/\\\/emplois.francedefi.fr\\\/conseils\\\/management\\\/oser-sortir-du-cadre\\\/#primaryimage\"},\"thumbnailUrl\":\"https:\\\/\\\/emplois.francedefi.fr\\\/conseils\\\/wp-content\\\/uploads\\\/2019\\\/10\\\/sortir-du-cadre.jpg\",\"articleSection\":[\"Management\"],\"inLanguage\":\"fr-FR\",\"potentialAction\":[{\"@type\":\"CommentAction\",\"name\":\"Comment\",\"target\":[\"https:\\\/\\\/emplois.francedefi.fr\\\/conseils\\\/management\\\/oser-sortir-du-cadre\\\/#respond\"]}]},{\"@type\":\"WebPage\",\"@id\":\"https:\\\/\\\/emplois.francedefi.fr\\\/conseils\\\/management\\\/oser-sortir-du-cadre\\\/\",\"url\":\"https:\\\/\\\/emplois.francedefi.fr\\\/conseils\\\/management\\\/oser-sortir-du-cadre\\\/\",\"name\":\"Oser sortir du cadre pour permettre \u00e0 l'entreprise d'innnover\",\"isPartOf\":{\"@id\":\"https:\\\/\\\/emplois.francedefi.fr\\\/conseils\\\/#website\"},\"primaryImageOfPage\":{\"@id\":\"https:\\\/\\\/emplois.francedefi.fr\\\/conseils\\\/management\\\/oser-sortir-du-cadre\\\/#primaryimage\"},\"image\":{\"@id\":\"https:\\\/\\\/emplois.francedefi.fr\\\/conseils\\\/management\\\/oser-sortir-du-cadre\\\/#primaryimage\"},\"thumbnailUrl\":\"https:\\\/\\\/emplois.francedefi.fr\\\/conseils\\\/wp-content\\\/uploads\\\/2019\\\/10\\\/sortir-du-cadre.jpg\",\"datePublished\":\"2019-10-07T08:30:17+00:00\",\"dateModified\":\"2019-10-07T16:01:16+00:00\",\"description\":\"M\u00eame si ce n\u2019est pas \u00e9vident, en entreprise il faut oser r\u00e9fl\u00e9chir autrement, \u00e9mettre des id\u00e9es et casser certains codes. En bref, sortir du cadre.\",\"breadcrumb\":{\"@id\":\"https:\\\/\\\/emplois.francedefi.fr\\\/conseils\\\/management\\\/oser-sortir-du-cadre\\\/#breadcrumb\"},\"inLanguage\":\"fr-FR\",\"potentialAction\":[{\"@type\":\"ReadAction\",\"target\":[\"https:\\\/\\\/emplois.francedefi.fr\\\/conseils\\\/management\\\/oser-sortir-du-cadre\\\/\"]}]},{\"@type\":\"ImageObject\",\"inLanguage\":\"fr-FR\",\"@id\":\"https:\\\/\\\/emplois.francedefi.fr\\\/conseils\\\/management\\\/oser-sortir-du-cadre\\\/#primaryimage\",\"url\":\"https:\\\/\\\/emplois.francedefi.fr\\\/conseils\\\/wp-content\\\/uploads\\\/2019\\\/10\\\/sortir-du-cadre.jpg\",\"contentUrl\":\"https:\\\/\\\/emplois.francedefi.fr\\\/conseils\\\/wp-content\\\/uploads\\\/2019\\\/10\\\/sortir-du-cadre.jpg\",\"width\":1100,\"height\":450,\"caption\":\"oser sortir du cadre\"},{\"@type\":\"BreadcrumbList\",\"@id\":\"https:\\\/\\\/emplois.francedefi.fr\\\/conseils\\\/management\\\/oser-sortir-du-cadre\\\/#breadcrumb\",\"itemListElement\":[{\"@type\":\"ListItem\",\"position\":1,\"name\":\"Accueil\",\"item\":\"https:\\\/\\\/emplois.francedefi.fr\\\/\"},{\"@type\":\"ListItem\",\"position\":2,\"name\":\"Conseils\",\"item\":\"https:\\\/\\\/emplois.francedefi.fr\\\/conseils\\\/\"},{\"@type\":\"ListItem\",\"position\":3,\"name\":\"Management\",\"item\":\"https:\\\/\\\/emplois.francedefi.fr\\\/conseils\\\/management\\\/\"},{\"@type\":\"ListItem\",\"position\":4,\"name\":\"Oser sortir du cadre\"}]},{\"@type\":\"WebSite\",\"@id\":\"https:\\\/\\\/emplois.francedefi.fr\\\/conseils\\\/#website\",\"url\":\"https:\\\/\\\/emplois.francedefi.fr\\\/conseils\\\/\",\"name\":\"France D\u00e9fi Emplois\",\"description\":\"Les cabinets membres de France D\u00e9fi recrutent chaque ann\u00e9e 1000 collaborateurs\",\"publisher\":{\"@id\":\"https:\\\/\\\/emplois.francedefi.fr\\\/conseils\\\/#organization\"},\"potentialAction\":[{\"@type\":\"SearchAction\",\"target\":{\"@type\":\"EntryPoint\",\"urlTemplate\":\"https:\\\/\\\/emplois.francedefi.fr\\\/conseils\\\/?s={search_term_string}\"},\"query-input\":{\"@type\":\"PropertyValueSpecification\",\"valueRequired\":true,\"valueName\":\"search_term_string\"}}],\"inLanguage\":\"fr-FR\"},{\"@type\":\"Organization\",\"@id\":\"https:\\\/\\\/emplois.francedefi.fr\\\/conseils\\\/#organization\",\"name\":\"France D\u00e9fi Emplois\",\"url\":\"https:\\\/\\\/emplois.francedefi.fr\\\/conseils\\\/\",\"logo\":{\"@type\":\"ImageObject\",\"inLanguage\":\"fr-FR\",\"@id\":\"https:\\\/\\\/emplois.francedefi.fr\\\/conseils\\\/#\\\/schema\\\/logo\\\/image\\\/\",\"url\":\"https:\\\/\\\/emplois.francedefi.fr\\\/conseils\\\/wp-content\\\/uploads\\\/2019\\\/02\\\/recrutement-cabinet-comptable.png\",\"contentUrl\":\"https:\\\/\\\/emplois.francedefi.fr\\\/conseils\\\/wp-content\\\/uploads\\\/2019\\\/02\\\/recrutement-cabinet-comptable.png\",\"width\":629,\"height\":71,\"caption\":\"France D\u00e9fi Emplois\"},\"image\":{\"@id\":\"https:\\\/\\\/emplois.francedefi.fr\\\/conseils\\\/#\\\/schema\\\/logo\\\/image\\\/\"}},{\"@type\":\"Person\",\"@id\":\"https:\\\/\\\/emplois.francedefi.fr\\\/conseils\\\/#\\\/schema\\\/person\\\/8bbd18c08f4dad72ba4515d2a2d10213\",\"name\":\"Accroche Com\",\"image\":{\"@type\":\"ImageObject\",\"inLanguage\":\"fr-FR\",\"@id\":\"https:\\\/\\\/secure.gravatar.com\\\/avatar\\\/77f28b05310a16607026fff0421494d66cd63a571f7c0d8de1513d2434230ff2?s=96&d=mm&r=g\",\"url\":\"https:\\\/\\\/secure.gravatar.com\\\/avatar\\\/77f28b05310a16607026fff0421494d66cd63a571f7c0d8de1513d2434230ff2?s=96&d=mm&r=g\",\"contentUrl\":\"https:\\\/\\\/secure.gravatar.com\\\/avatar\\\/77f28b05310a16607026fff0421494d66cd63a571f7c0d8de1513d2434230ff2?s=96&d=mm&r=g\",\"caption\":\"Accroche Com\"}}]}<\/script>\n<!-- \/ Yoast SEO plugin. -->","yoast_head_json":{"title":"Oser sortir du cadre pour permettre \u00e0 l'entreprise d'innnover","description":"M\u00eame si ce n\u2019est pas \u00e9vident, en entreprise il faut oser r\u00e9fl\u00e9chir autrement, \u00e9mettre des id\u00e9es et casser certains codes. En bref, sortir du cadre.","robots":{"index":"index","follow":"follow","max-snippet":"max-snippet:-1","max-image-preview":"max-image-preview:large","max-video-preview":"max-video-preview:-1"},"canonical":"https:\/\/emplois.francedefi.fr\/conseils\/management\/oser-sortir-du-cadre\/","og_locale":"fr_FR","og_type":"article","og_title":"Oser sortir du cadre pour permettre \u00e0 l'entreprise d'innnover","og_description":"M\u00eame si ce n\u2019est pas \u00e9vident, en entreprise il faut oser r\u00e9fl\u00e9chir autrement, \u00e9mettre des id\u00e9es et casser certains codes. En bref, sortir du cadre.","og_url":"https:\/\/emplois.francedefi.fr\/conseils\/management\/oser-sortir-du-cadre\/","og_site_name":"France D\u00e9fi Emplois","article_published_time":"2019-10-07T08:30:17+00:00","article_modified_time":"2019-10-07T16:01:16+00:00","og_image":[{"width":1100,"height":450,"url":"https:\/\/emplois.francedefi.fr\/conseils\/wp-content\/uploads\/2019\/10\/sortir-du-cadre.jpg","type":"image\/jpeg"}],"author":"Accroche Com","twitter_card":"summary_large_image","twitter_misc":{"\u00c9crit par":"Accroche Com","Dur\u00e9e de lecture estim\u00e9e":"2 minutes"},"schema":{"@context":"https:\/\/schema.org","@graph":[{"@type":"Article","@id":"https:\/\/emplois.francedefi.fr\/conseils\/management\/oser-sortir-du-cadre\/#article","isPartOf":{"@id":"https:\/\/emplois.francedefi.fr\/conseils\/management\/oser-sortir-du-cadre\/"},"author":{"name":"Accroche Com","@id":"https:\/\/emplois.francedefi.fr\/conseils\/#\/schema\/person\/8bbd18c08f4dad72ba4515d2a2d10213"},"headline":"Oser sortir du cadre","datePublished":"2019-10-07T08:30:17+00:00","dateModified":"2019-10-07T16:01:16+00:00","mainEntityOfPage":{"@id":"https:\/\/emplois.francedefi.fr\/conseils\/management\/oser-sortir-du-cadre\/"},"wordCount":500,"commentCount":0,"publisher":{"@id":"https:\/\/emplois.francedefi.fr\/conseils\/#organization"},"image":{"@id":"https:\/\/emplois.francedefi.fr\/conseils\/management\/oser-sortir-du-cadre\/#primaryimage"},"thumbnailUrl":"https:\/\/emplois.francedefi.fr\/conseils\/wp-content\/uploads\/2019\/10\/sortir-du-cadre.jpg","articleSection":["Management"],"inLanguage":"fr-FR","potentialAction":[{"@type":"CommentAction","name":"Comment","target":["https:\/\/emplois.francedefi.fr\/conseils\/management\/oser-sortir-du-cadre\/#respond"]}]},{"@type":"WebPage","@id":"https:\/\/emplois.francedefi.fr\/conseils\/management\/oser-sortir-du-cadre\/","url":"https:\/\/emplois.francedefi.fr\/conseils\/management\/oser-sortir-du-cadre\/","name":"Oser sortir du cadre pour permettre \u00e0 l'entreprise d'innnover","isPartOf":{"@id":"https:\/\/emplois.francedefi.fr\/conseils\/#website"},"primaryImageOfPage":{"@id":"https:\/\/emplois.francedefi.fr\/conseils\/management\/oser-sortir-du-cadre\/#primaryimage"},"image":{"@id":"https:\/\/emplois.francedefi.fr\/conseils\/management\/oser-sortir-du-cadre\/#primaryimage"},"thumbnailUrl":"https:\/\/emplois.francedefi.fr\/conseils\/wp-content\/uploads\/2019\/10\/sortir-du-cadre.jpg","datePublished":"2019-10-07T08:30:17+00:00","dateModified":"2019-10-07T16:01:16+00:00","description":"M\u00eame si ce n\u2019est pas \u00e9vident, en entreprise il faut oser r\u00e9fl\u00e9chir autrement, \u00e9mettre des id\u00e9es et casser certains codes. En bref, sortir du cadre.","breadcrumb":{"@id":"https:\/\/emplois.francedefi.fr\/conseils\/management\/oser-sortir-du-cadre\/#breadcrumb"},"inLanguage":"fr-FR","potentialAction":[{"@type":"ReadAction","target":["https:\/\/emplois.francedefi.fr\/conseils\/management\/oser-sortir-du-cadre\/"]}]},{"@type":"ImageObject","inLanguage":"fr-FR","@id":"https:\/\/emplois.francedefi.fr\/conseils\/management\/oser-sortir-du-cadre\/#primaryimage","url":"https:\/\/emplois.francedefi.fr\/conseils\/wp-content\/uploads\/2019\/10\/sortir-du-cadre.jpg","contentUrl":"https:\/\/emplois.francedefi.fr\/conseils\/wp-content\/uploads\/2019\/10\/sortir-du-cadre.jpg","width":1100,"height":450,"caption":"oser sortir du cadre"},{"@type":"BreadcrumbList","@id":"https:\/\/emplois.francedefi.fr\/conseils\/management\/oser-sortir-du-cadre\/#breadcrumb","itemListElement":[{"@type":"ListItem","position":1,"name":"Accueil","item":"https:\/\/emplois.francedefi.fr\/"},{"@type":"ListItem","position":2,"name":"Conseils","item":"https:\/\/emplois.francedefi.fr\/conseils\/"},{"@type":"ListItem","position":3,"name":"Management","item":"https:\/\/emplois.francedefi.fr\/conseils\/management\/"},{"@type":"ListItem","position":4,"name":"Oser sortir du cadre"}]},{"@type":"WebSite","@id":"https:\/\/emplois.francedefi.fr\/conseils\/#website","url":"https:\/\/emplois.francedefi.fr\/conseils\/","name":"France D\u00e9fi Emplois","description":"Les cabinets membres de France D\u00e9fi recrutent chaque ann\u00e9e 1000 collaborateurs","publisher":{"@id":"https:\/\/emplois.francedefi.fr\/conseils\/#organization"},"potentialAction":[{"@type":"SearchAction","target":{"@type":"EntryPoint","urlTemplate":"https:\/\/emplois.francedefi.fr\/conseils\/?s={search_term_string}"},"query-input":{"@type":"PropertyValueSpecification","valueRequired":true,"valueName":"search_term_string"}}],"inLanguage":"fr-FR"},{"@type":"Organization","@id":"https:\/\/emplois.francedefi.fr\/conseils\/#organization","name":"France D\u00e9fi Emplois","url":"https:\/\/emplois.francedefi.fr\/conseils\/","logo":{"@type":"ImageObject","inLanguage":"fr-FR","@id":"https:\/\/emplois.francedefi.fr\/conseils\/#\/schema\/logo\/image\/","url":"https:\/\/emplois.francedefi.fr\/conseils\/wp-content\/uploads\/2019\/02\/recrutement-cabinet-comptable.png","contentUrl":"https:\/\/emplois.francedefi.fr\/conseils\/wp-content\/uploads\/2019\/02\/recrutement-cabinet-comptable.png","width":629,"height":71,"caption":"France D\u00e9fi Emplois"},"image":{"@id":"https:\/\/emplois.francedefi.fr\/conseils\/#\/schema\/logo\/image\/"}},{"@type":"Person","@id":"https:\/\/emplois.francedefi.fr\/conseils\/#\/schema\/person\/8bbd18c08f4dad72ba4515d2a2d10213","name":"Accroche Com","image":{"@type":"ImageObject","inLanguage":"fr-FR","@id":"https:\/\/secure.gravatar.com\/avatar\/77f28b05310a16607026fff0421494d66cd63a571f7c0d8de1513d2434230ff2?s=96&d=mm&r=g","url":"https:\/\/secure.gravatar.com\/avatar\/77f28b05310a16607026fff0421494d66cd63a571f7c0d8de1513d2434230ff2?s=96&d=mm&r=g","contentUrl":"https:\/\/secure.gravatar.com\/avatar\/77f28b05310a16607026fff0421494d66cd63a571f7c0d8de1513d2434230ff2?s=96&d=mm&r=g","caption":"Accroche Com"}}]}},"_links":{"self":[{"href":"https:\/\/emplois.francedefi.fr\/conseils\/wp-json\/wp\/v2\/posts\/210","targetHints":{"allow":["GET"]}}],"collection":[{"href":"https:\/\/emplois.francedefi.fr\/conseils\/wp-json\/wp\/v2\/posts"}],"about":[{"href":"https:\/\/emplois.francedefi.fr\/conseils\/wp-json\/wp\/v2\/types\/post"}],"author":[{"embeddable":true,"href":"https:\/\/emplois.francedefi.fr\/conseils\/wp-json\/wp\/v2\/users\/4"}],"replies":[{"embeddable":true,"href":"https:\/\/emplois.francedefi.fr\/conseils\/wp-json\/wp\/v2\/comments?post=210"}],"version-history":[{"count":13,"href":"https:\/\/emplois.francedefi.fr\/conseils\/wp-json\/wp\/v2\/posts\/210\/revisions"}],"predecessor-version":[{"id":225,"href":"https:\/\/emplois.francedefi.fr\/conseils\/wp-json\/wp\/v2\/posts\/210\/revisions\/225"}],"wp:featuredmedia":[{"embeddable":true,"href":"https:\/\/emplois.francedefi.fr\/conseils\/wp-json\/wp\/v2\/media\/214"}],"wp:attachment":[{"href":"https:\/\/emplois.francedefi.fr\/conseils\/wp-json\/wp\/v2\/media?parent=210"}],"wp:term":[{"taxonomy":"category","embeddable":true,"href":"https:\/\/emplois.francedefi.fr\/conseils\/wp-json\/wp\/v2\/categories?post=210"},{"taxonomy":"post_tag","embeddable":true,"href":"https:\/\/emplois.francedefi.fr\/conseils\/wp-json\/wp\/v2\/tags?post=210"}],"curies":[{"name":"wp","href":"https:\/\/api.w.org\/{rel}","templated":true}]}}